{"id":15974,"date":"2026-04-20T11:46:44","date_gmt":"2026-04-20T14:46:44","guid":{"rendered":"https:\/\/tudumblog.com\/?p=15974"},"modified":"2026-04-29T12:45:01","modified_gmt":"2026-04-29T15:45:01","slug":"copa-del-mundo-de-futbol-la-historia-completa-y-curiosidades-que-te-sorprenderan","status":"publish","type":"post","link":"https:\/\/tudumblog.com\/es\/copa-del-mundo-de-futbol-la-historia-completa-y-curiosidades-que-te-sorprenderan\/","title":{"rendered":"Copa del Mundo de F\u00fatbol, La historia completa y curiosidades que te sorprender\u00e1n"},"content":{"rendered":"<p data-start=\"1105\" data-end=\"1375\">Pocos eventos consiguen detener al planeta entero. La Copa del Mundo de F\u00fatbol hace exactamente eso. Cada cuatro a\u00f1os, miles de millones de personas se conectan por una pasi\u00f3n en com\u00fan. No importa el pa\u00eds, idioma o cultura. Durante el torneo, todos hablan el mismo idioma: el f\u00fatbol.<\/p>\r\n<p data-start=\"1377\" data-end=\"1499\">Pero, \u00bfalguna vez te has preguntado c\u00f3mo empez\u00f3 todo? \u00bfO qu\u00e9 historias curiosas se esconden detr\u00e1s de este evento gigantesco?<\/p>\r\n<p data-start=\"1501\" data-end=\"1675\">Esta gu\u00eda va mucho m\u00e1s all\u00e1 de lo b\u00e1sico. Aqu\u00ed entender\u00e1s el origen de la Copa, los momentos m\u00e1s destacados y descubrir\u00e1s curiosidades que hacen que este evento sea a\u00fan m\u00e1s fascinante.<\/p>\r\n<p data-start=\"1677\" data-end=\"1831\">Si eres un amante del f\u00fatbol, o simplemente sientes curiosidad por c\u00f3mo un evento deportivo puede influir tanto en el planeta, aprovecha este es el contenido m\u00e1s completo que vas a encontrar.<\/p>\r\n<h2 data-section-id=\"uhhdxl\" data-start=\"2213\" data-end=\"2255\">\u26bd El origen de la Copa del Mundo de F\u00fatbol<\/h2>\r\n<p data-start=\"2257\" data-end=\"2396\">La historia de la Copa comienza con una idea simple pero revolucionaria: crear un torneo internacional que reuniera selecciones de varios pa\u00edses.<\/p>\r\n<p data-start=\"2398\" data-end=\"2553\">El responsable de convertir este sue\u00f1o en realidad fue <span class=\"hover:entity-accent entity-underline inline cursor-pointer align-baseline\"><span class=\"whitespace-normal\">Jules Rimet<\/span><\/span>, entonces presidente de la <strong><a href=\"https:\/\/www.fifa.com\/\" target=\"_blank\" rel=\"noopener\"><span class=\"hover:entity-accent entity-underline inline cursor-pointer align-baseline\"><span class=\"whitespace-normal\">FIFA<\/span><\/span><\/a><\/strong>.<\/p>\r\n<p data-start=\"2555\" data-end=\"2746\">Antes de eso, el f\u00fatbol ya exist\u00eda a nivel internacional, pero solo en los Juegos Ol\u00edmpicos. El problema era que el torneo ol\u00edmpico no satisfac\u00eda completamente los intereses profesionales del deporte.<\/p>\r\n<p data-start=\"2748\" data-end=\"2875\">En 1930 naci\u00f3 la primera edici\u00f3n de la <span class=\"hover:entity-accent entity-underline inline cursor-pointer align-baseline\"><span class=\"whitespace-normal\">Copa del Mundo FIFA<\/span><\/span>, celebrada en <span class=\"hover:entity-accent entity-underline inline cursor-pointer align-baseline\"><span class=\"whitespace-normal\">Uruguay<\/span><\/span>.<\/p>\r\n<h3 data-section-id=\"1w4b2q6\" data-start=\"2877\" data-end=\"2913\">\u00bfPor qu\u00e9 Uruguay fue elegido para albergar la primera Copa del Mundo de F\u00fatbol?<\/h3>\r\n<p data-start=\"2915\" data-end=\"3060\">El pa\u00eds era una potencia del f\u00fatbol en aquella \u00e9poca y hab\u00eda ganado el oro ol\u00edmpico en 1924 y 1928. Adem\u00e1s, celebraba 100 a\u00f1os de independencia.<\/p>\r\n<p data-start=\"3062\" data-end=\"3134\">Uruguay no solo fue sede, sino que tambi\u00e9n gan\u00f3 la primera Copa del Mundo.<\/p>\r\n<h2 data-section-id=\"uhhdxl\" data-start=\"2213\" data-end=\"2255\">\ud83c\udfc6 Evoluci\u00f3n de la Copa del Mundo de F\u00fatbol a lo largo del tiempo<\/h2>\r\n<p data-start=\"3192\" data-end=\"3252\">La Copa ha pasado por diversas transformaciones desde su creaci\u00f3n.<\/p>\r\n<h3 data-section-id=\"pedker\" data-start=\"3254\" data-end=\"3283\">Expansi\u00f3n de participantes<\/h3>\r\n<ul data-start=\"3285\" data-end=\"3399\">\r\n<li data-section-id=\"rfl3fk\" data-start=\"3285\" data-end=\"3306\">1930: 13 selecciones.<\/li>\r\n<li data-section-id=\"12nemz6\" data-start=\"3307\" data-end=\"3349\">D\u00e9cadas siguientes: crecimiento gradual.<\/li>\r\n<li data-section-id=\"1rzbqpe\" data-start=\"3350\" data-end=\"3399\">Hoy: 32 selecciones (con expansi\u00f3n futura a 48).<\/li>\r\n<\/ul>\r\n<p data-start=\"3401\" data-end=\"3460\">Este crecimiento refleja la popularizaci\u00f3n global del f\u00fatbol.<\/p>\r\n<h3 data-section-id=\"1mkw54e\" data-start=\"3462\" data-end=\"3489\">Interrupciones hist\u00f3ricas<\/h3>\r\n<p data-start=\"3491\" data-end=\"3548\">La Copa fue interrumpida durante la Segunda Guerra Mundial:<\/p>\r\n<ul data-start=\"3550\" data-end=\"3589\">\r\n<li data-section-id=\"1d2iqym\" data-start=\"3550\" data-end=\"3569\">1942: Cancelada.<\/li>\r\n<li data-section-id=\"55ef0a\" data-start=\"3570\" data-end=\"3589\">1946: Cancelada.<\/li>\r\n<\/ul>\r\n<p data-start=\"3591\" data-end=\"3671\">Estos periodos muestran c\u00f3mo el evento est\u00e1 directamente ligado a la historia mundial.<\/p>\r\n<h3 data-section-id=\"d52ihs\" data-start=\"3673\" data-end=\"3689\">Modernizaci\u00f3n<\/h3>\r\n<p data-start=\"3691\" data-end=\"3734\">Con el avance de la tecnolog\u00eda, la Copa ha evolucionado:<\/p>\r\n<ul data-start=\"3736\" data-end=\"3852\">\r\n<li data-section-id=\"1em315b\" data-start=\"3736\" data-end=\"3781\">Transmisiones en directo para todo el mundo.<\/li>\r\n<li data-section-id=\"2vnn57\" data-start=\"3782\" data-end=\"3815\">Uso del VAR (\u00e1rbitro asistente de v\u00eddeo).<\/li>\r\n<li data-section-id=\"1qm2ydl\" data-start=\"3816\" data-end=\"3852\">An\u00e1lisis de rendimiento avanzados.<\/li>\r\n<\/ul>\r\n<h2 data-section-id=\"1w4i0v6\" data-start=\"225\" data-end=\"290\">\ud83c\udf0d Momentos hist\u00f3ricos que marcaron la Copa del Mundo de F\u00fatbol<\/h2>\r\n<p data-start=\"292\" data-end=\"486\">La historia de la <span class=\"hover:entity-accent entity-underline inline cursor-pointer align-baseline\"><span class=\"whitespace-normal\">Copa del Mundo FIFA<\/span><\/span> no se construye solo con t\u00edtulos. Vive de episodios que marcaron generaciones, crearon leyendas y, en muchos casos, cambiaron el rumbo del f\u00fatbol.<\/p>\r\n<p data-start=\"488\" data-end=\"591\">Algunos de estos momentos van mucho m\u00e1s all\u00e1 del juego. Incluyen emoci\u00f3n, presi\u00f3n, superaci\u00f3n e incluso misterio.<\/p>\r\n<h3 data-section-id=\"18i1byw\" data-start=\"488\" data-end=\"557\">\ud83c\udde7\ud83c\uddf7 1958 \u2013 El nacimiento de <span class=\"hover:entity-accent entity-underline inline cursor-pointer align-baseline\"><span class=\"whitespace-normal\">Pel\u00e9<\/span><\/span><\/h3>\r\n<p data-start=\"559\" data-end=\"682\">En 1958, en <span class=\"hover:entity-accent entity-underline inline cursor-pointer align-baseline\"><span class=\"whitespace-normal\">Suecia<\/span><\/span>, el mundo conoci\u00f3 a un joven de 17 a\u00f1os que cambiar\u00eda el f\u00fatbol para siempre.<\/p>\r\n<p data-start=\"684\" data-end=\"742\">Pel\u00e9 comenz\u00f3 el torneo como promesa. Termin\u00f3 como leyenda.<\/p>\r\n<p data-start=\"744\" data-end=\"987\">En semifinales marc\u00f3 tres goles contra Francia. En la final, hizo dos contra los anfitriones. Uno de ellos pas\u00f3 a la historia: elev\u00f3 el bal\u00f3n por encima del defensor con un toque sutil y defini\u00f3 con precisi\u00f3n, mostrando una creatividad rar\u00edsima para la \u00e9poca.<\/p>\r\n<p data-start=\"989\" data-end=\"1037\">Brasil conquist\u00f3 su primer t\u00edtulo mundial.<\/p>\r\n<p data-start=\"1039\" data-end=\"1178\">Tras el pitido final, Pel\u00e9 llor\u00f3 en el campo, en brazos de sus compa\u00f1eros. La imagen dio la vuelta al mundo y simboliz\u00f3 el nacimiento de un icono global.<\/p>\r\n<h3 data-section-id=\"1bb7asp\" data-start=\"1185\" data-end=\"1233\">\ud83c\uddf2\ud83c\uddfd 1970 \u2013 La consagraci\u00f3n definitiva de Pel\u00e9<\/h3>\r\n<p data-start=\"1235\" data-end=\"1302\">Doce a\u00f1os despu\u00e9s, Pel\u00e9 ya no era una promesa. Era una referencia mundial.<\/p>\r\n<p data-start=\"1304\" data-end=\"1415\">En la Copa de 1970 lider\u00f3 una de las selecciones m\u00e1s admiradas de la historia. Un equipo t\u00e9cnico, creativo y ofensivo.<\/p>\r\n<p data-start=\"1417\" data-end=\"1469\">En la final contra Italia, Brasil gan\u00f3 4 a 1.<\/p>\r\n<p data-start=\"1471\" data-end=\"1632\">Pel\u00e9 marc\u00f3 de cabeza el primer gol, pero su impacto fue mucho m\u00e1s all\u00e1. Particip\u00f3 en jugadas decisivas y protagoniz\u00f3 acciones que a\u00fan hoy se estudian.<\/p>\r\n<p data-start=\"1634\" data-end=\"1799\">Una de las m\u00e1s famosas fue el \u201cgol que no ocurri\u00f3\u201d, cuando dej\u00f3 pasar el bal\u00f3n ante el portero sin tocarlo. La jugada no termin\u00f3 en gol, pero se convirti\u00f3 en s\u00edmbolo de genialidad.<\/p>\r\n<p data-start=\"1801\" data-end=\"1881\">Esta Copa del Mundo de F\u00fatbol consolid\u00f3 a Brasil como potencia y elev\u00f3 el f\u00fatbol al nivel de arte.<\/p>\r\n<h3 data-section-id=\"5rflgp\" data-start=\"1888\" data-end=\"1976\">\ud83c\udde6\ud83c\uddf7 1986 \u2013 &#8216;La mano de Dios&#8217; El d\u00eda en que <span class=\"hover:entity-accent entity-underline inline cursor-pointer align-baseline\"><span class=\"whitespace-normal\">Diego Maradona<\/span><\/span> fue genial y pol\u00e9mico<\/h3>\r\n<p data-start=\"1978\" data-end=\"2089\">En los cuartos de final contra Inglaterra, Maradona protagoniz\u00f3 uno de los partidos m\u00e1s ic\u00f3nicos de la historia de la Copa.<\/p>\r\n<p data-start=\"2091\" data-end=\"2188\">Primero marc\u00f3 un gol con la mano. El \u00e1rbitro lo valid\u00f3. La jugada qued\u00f3 conocida como \u201cLa mano de Dios\u201d.<\/p>\r\n<p data-start=\"2190\" data-end=\"2223\">Minutos despu\u00e9s, hizo lo contrario.<\/p>\r\n<p data-start=\"2225\" data-end=\"2338\">Recibi\u00f3 el bal\u00f3n en el centro del campo, regate\u00f3 a varios rivales y marc\u00f3 uno de los goles m\u00e1s bonitos de todos los tiempos.<\/p>\r\n<p data-start=\"2340\" data-end=\"2425\">En el mismo partido, Maradona mostr\u00f3 dos caras del f\u00fatbol: la imperfecci\u00f3n y la genialidad.<\/p>\r\n<h3 data-section-id=\"1x23sxm\" data-start=\"2432\" data-end=\"2497\">\ud83c\uddeb\ud83c\uddf7 1998 \u2013 El enigma de <span class=\"hover:entity-accent entity-underline inline cursor-pointer align-baseline\"><span class=\"whitespace-normal\">Ronaldo Naz\u00e1rio<\/span><\/span><\/h3>\r\n<p data-start=\"2499\" data-end=\"2554\">En la final de 1998, el mundo esperaba ver a Ronaldo brillar.<\/p>\r\n<p data-start=\"2556\" data-end=\"2609\">Pero horas antes del partido, sufri\u00f3 una convulsi\u00f3n.<\/p>\r\n<p data-start=\"2611\" data-end=\"2726\">La informaci\u00f3n nunca fue completamente aclarada. Hasta hoy existen dudas y teor\u00edas sobre lo que realmente ocurri\u00f3.<\/p>\r\n<p data-start=\"2728\" data-end=\"2815\">Ronaldo sali\u00f3 al campo, pero estaba visiblemente diferente. Sin ritmo, sin intensidad.<\/p>\r\n<p data-start=\"2817\" data-end=\"2857\">Brasil perdi\u00f3 3 a 0 contra Francia.<\/p>\r\n<p data-start=\"2859\" data-end=\"2975\">Este episodio se convirti\u00f3 en uno de los mayores misterios de la historia de la Copa y expuso la enorme presi\u00f3n sobre los atletas de \u00e9lite.<\/p>\r\n<h3 data-section-id=\"1um08g3\" data-start=\"2982\" data-end=\"3019\">\ud83c\udde7\ud83c\uddf7 2002 \u2013 La redenci\u00f3n de Ronaldo<\/h3>\r\n<p data-start=\"3021\" data-end=\"3082\">Cuatro a\u00f1os despu\u00e9s, Ronaldo volvi\u00f3 a la Copa rodeado de dudas.<\/p>\r\n<p data-start=\"3084\" data-end=\"3183\">Lesiones graves casi pusieron fin a su carrera. Muchos cre\u00edan que no volver\u00eda al m\u00e1ximo nivel.<\/p>\r\n<p data-start=\"3185\" data-end=\"3241\">Dentro del campo, respondi\u00f3 con un rendimiento hist\u00f3rico.<\/p>\r\n<p data-start=\"3243\" data-end=\"3343\">Marc\u00f3 8 goles en el torneo y fue decisivo en la final contra Alemania, anotando los dos goles de la victoria.<\/p>\r\n<p data-start=\"3345\" data-end=\"3383\">Brasil conquist\u00f3 su quinto t\u00edtulo mundial.<\/p>\r\n<p data-start=\"3385\" data-end=\"3513\">Esta trayectoria convirti\u00f3 a Ronaldo en un s\u00edmbolo de superaci\u00f3n y marc\u00f3 una de las mayores remontadas individuales en la historia del deporte.<\/p>\r\n<h3 data-section-id=\"19ndr0y\" data-start=\"3520\" data-end=\"3599\">\ud83c\udde9\ud83c\uddea 2006 \u2013 La despedida inesperada de <span class=\"hover:entity-accent entity-underline inline cursor-pointer align-baseline\"><span class=\"whitespace-normal\">Zinedine Zidane<\/span><\/span><\/h3>\r\n<p data-start=\"3601\" data-end=\"3669\">La final de 2006 parec\u00eda el escenario perfecto para la despedida de Zidane.<\/p>\r\n<p data-start=\"3671\" data-end=\"3743\">Ya hab\u00eda marcado un gol y era el protagonista del partido contra Italia.<\/p>\r\n<p data-start=\"3745\" data-end=\"3777\">Pero, en la pr\u00f3rroga, todo cambi\u00f3.<\/p>\r\n<p data-start=\"3779\" data-end=\"3844\">Tras una provocaci\u00f3n, Zidane reaccion\u00f3 con un cabezazo a Materazzi.<\/p>\r\n<p data-start=\"3846\" data-end=\"3872\">Fue expulsado de inmediato.<\/p>\r\n<p data-start=\"3874\" data-end=\"3946\">Sali\u00f3 del campo en silencio, pasando junto al trofeo que podr\u00eda haber levantado.<\/p>\r\n<p data-start=\"3948\" data-end=\"3977\">Francia perdi\u00f3 en los penaltis.<\/p>\r\n<p data-start=\"3979\" data-end=\"4115\">El episodio se convirti\u00f3 en uno de los m\u00e1s impactantes de la historia de la Copa del Mundo de F\u00fatbol y en un recordatorio de c\u00f3mo lo emocional puede decidir incluso los momentos m\u00e1s importantes.<\/p>\r\n<h3 data-section-id=\"1kq6i8u\" data-start=\"4122\" data-end=\"4205\">\ud83c\uddea\ud83c\uddf8 2010 \u2013 El gol que cambi\u00f3 la historia de <span class=\"hover:entity-accent entity-underline inline cursor-pointer align-baseline\"><span class=\"whitespace-normal\">Espa\u00f1a<\/span><\/span><\/h3>\r\n<p data-start=\"4207\" data-end=\"4284\">La final contra Pa\u00edses Bajos fue tensa, equilibrada y marcada por una fuerte presi\u00f3n defensiva.<\/p>\r\n<p data-start=\"4286\" data-end=\"4320\">El partido se encaminaba hacia los penaltis.<\/p>\r\n<p data-start=\"4322\" data-end=\"4405\">En la pr\u00f3rroga, <span class=\"hover:entity-accent entity-underline inline cursor-pointer align-baseline\"><span class=\"whitespace-normal\">Andr\u00e9s Iniesta<\/span><\/span> apareci\u00f3 en el momento decisivo.<\/p>\r\n<p data-start=\"4407\" data-end=\"4462\">Recibi\u00f3 el bal\u00f3n dentro del \u00e1rea y defini\u00f3 con precisi\u00f3n.<\/p>\r\n<p data-start=\"4464\" data-end=\"4468\">Gol.<\/p>\r\n<p data-start=\"4470\" data-end=\"4519\">Espa\u00f1a conquistaba su primera Copa del Mundo.<\/p>\r\n<p data-start=\"4521\" data-end=\"4613\">M\u00e1s que un t\u00edtulo, ese momento coron\u00f3 a una generaci\u00f3n que cambi\u00f3 la forma de jugar al f\u00fatbol.<\/p>\r\n<h3 data-section-id=\"l1id1g\" data-start=\"4620\" data-end=\"4653\">\ud83c\udde7\ud83c\uddf7 2014 \u2013 El impacto del 7 a 1<\/h3>\r\n<p data-start=\"4655\" data-end=\"4716\">En semifinales, Brasil se enfrentaba a Alemania jugando en casa.<\/p>\r\n<p data-start=\"4718\" data-end=\"4759\">Se esperaba un partido equilibrado.<\/p>\r\n<p data-start=\"4761\" data-end=\"4804\">Pero lo que ocurri\u00f3 pas\u00f3 a la historia.<\/p>\r\n<p data-start=\"4806\" data-end=\"4883\">La <span class=\"hover:entity-accent entity-underline inline cursor-pointer align-baseline\"><span class=\"whitespace-normal\">Selecci\u00f3n Alemana de F\u00fatbol<\/span><\/span> marc\u00f3 5 goles en menos de 30 minutos.<\/p>\r\n<p data-start=\"4885\" data-end=\"4910\">El resultado final fue 7 a 1.<\/p>\r\n<p data-start=\"4912\" data-end=\"5038\">El silencio de la afici\u00f3n y la incredulidad global convirtieron este partido en uno de los momentos m\u00e1s impactantes del f\u00fatbol moderno.<\/p>\r\n<h3 data-section-id=\"1n0saly\" data-start=\"5045\" data-end=\"5114\">\ud83c\uddeb\ud83c\uddf7 2018 \u2013 El surgimiento de <span class=\"hover:entity-accent entity-underline inline cursor-pointer align-baseline\"><span class=\"whitespace-normal\">Kylian Mbapp\u00e9<\/span><\/span><\/h3>\r\n<p data-start=\"5116\" data-end=\"5181\">En la Copa de Rusia, un joven de 19 a\u00f1os llam\u00f3 la atenci\u00f3n del mundo.<\/p>\r\n<p data-start=\"5183\" data-end=\"5235\">Mbapp\u00e9 combin\u00f3 velocidad, t\u00e9cnica y personalidad.<\/p>\r\n<p data-start=\"5237\" data-end=\"5334\">Marc\u00f3 en la final y se convirti\u00f3 en uno de los pocos jugadores tan j\u00f3venes en lograrlo, junto a Pel\u00e9.<\/p>\r\n<p data-start=\"5336\" data-end=\"5371\">Ah\u00ed nac\u00eda una nueva estrella global.<\/p>\r\n<p data-start=\"4317\" data-end=\"4370\">Estos episodios logran algo que los n\u00fameros no pueden expresar, porque la Copa del Mundo no trata solo de qui\u00e9n gana. Trata de las historias que permanecen.<\/p>\r\n<p data-start=\"4577\" data-end=\"4685\" data-is-last-node=\"\" data-is-only-node=\"\">Y son esas historias las que hacen que miles de millones de personas vuelvan a ver, animar y emocionarse en cada edici\u00f3n.<\/p>\r\n<h3 data-section-id=\"1qmgzty\" data-start=\"2669\" data-end=\"2736\">\ud83c\uddf8\ud83c\uddf3 2002 \u2013 La sorpresa de la <span class=\"hover:entity-accent entity-underline inline cursor-pointer align-baseline\"><span class=\"whitespace-normal\">Selecci\u00f3n de Senegal<\/span><\/span><\/h3>\r\n<p data-start=\"2738\" data-end=\"2783\">En la Copa de 2002, Senegal debutaba en el torneo.<\/p>\r\n<p data-start=\"2785\" data-end=\"2849\">En el partido inaugural, venci\u00f3 a Francia, vigente campeona del mundo.<\/p>\r\n<p data-start=\"2851\" data-end=\"2968\">El equipo avanz\u00f3 hasta los cuartos de final, superando expectativas y conquistando al mundo con un f\u00fatbol ligero y ofensivo.<\/p>\r\n<p data-start=\"2970\" data-end=\"3040\">Esa campa\u00f1a se convirti\u00f3 en una de las mayores sorpresas de la historia de la Copa.<\/p>\r\n<h3 data-section-id=\"usc4pg\" data-start=\"248\" data-end=\"318\">\ud83c\udde6\ud83c\uddf7 2022 \u2013 La consagraci\u00f3n de <span class=\"hover:entity-accent entity-underline inline cursor-pointer align-baseline\"><span class=\"whitespace-normal\">Lionel Messi<\/span><\/span><\/h3>\r\n<p data-start=\"320\" data-end=\"472\">La Copa del Mundo de F\u00fatbol de 2022, en <span class=\"hover:entity-accent entity-underline inline cursor-pointer align-baseline\"><span class=\"whitespace-normal\">Catar<\/span><\/span>, estuvo marcada por una de las historias m\u00e1s esperadas del f\u00fatbol.<\/p>\r\n<p data-start=\"474\" data-end=\"570\">Lionel Messi ya hab\u00eda ganado pr\u00e1cticamente todo en su carrera. Solo le faltaba la Copa del Mundo.<\/p>\r\n<p data-start=\"572\" data-end=\"664\">Argentina comenz\u00f3 mal, con una derrota inesperada ante Arabia Saud\u00ed. Muchos dudaron.<\/p>\r\n<p data-start=\"666\" data-end=\"684\">Pero el equipo reaccion\u00f3.<\/p>\r\n<p data-start=\"686\" data-end=\"848\">Messi lider\u00f3 al equipo con actuaciones decisivas, goles importantes y control emocional. En la final contra Francia, protagoniz\u00f3 uno de los partidos m\u00e1s \u00e9picos de la historia.<\/p>\r\n<p data-start=\"850\" data-end=\"888\">Empate 3 a 3. Decisi\u00f3n en los penaltis.<\/p>\r\n<p data-start=\"890\" data-end=\"909\">Argentina gan\u00f3.<\/p>\r\n<p data-start=\"911\" data-end=\"1066\">Messi levant\u00f3 el trofeo y complet\u00f3 su trayectoria. El momento simboliz\u00f3 no solo una victoria, sino el cierre de un ciclo hist\u00f3rico en el f\u00fatbol mundial.<\/p>\r\n<h2 data-section-id=\"1mjr3hc\" data-start=\"4567\" data-end=\"4617\">\ud83e\udd2f Curiosidades sorprendentes de la Copa del Mundo<\/h2>\r\n<p data-start=\"4619\" data-end=\"4665\">Aqu\u00ed comienzan los datos que poca gente conoce.<\/p>\r\n<h3 data-section-id=\"1i7edwc\" data-start=\"4667\" data-end=\"4701\">1. El trofeo original fue robado<\/h3>\r\n<p data-start=\"301\" data-end=\"469\">El primer trofeo de la <span class=\"hover:entity-accent entity-underline inline cursor-pointer align-baseline\"><span class=\"whitespace-normal\">Copa del Mundo FIFA<\/span><\/span> era conocido como Trofeo Jules Rimet, en honor al creador del torneo, <span class=\"hover:entity-accent entity-underline inline cursor-pointer align-baseline\"><span class=\"whitespace-normal\">Jules Rimet<\/span><\/span>.<\/p>\r\n<p data-start=\"471\" data-end=\"569\">No era solo un trofeo. Representaba el nacimiento del f\u00fatbol mundial como espect\u00e1culo global.<\/p>\r\n<p data-start=\"571\" data-end=\"629\">Pero su historia qued\u00f3 marcada por hechos dignos de una pel\u00edcula.<\/p>\r\n<p data-start=\"631\" data-end=\"661\">El trofeo fue robado dos veces.<\/p>\r\n<p data-start=\"663\" data-end=\"838\">El primer robo ocurri\u00f3 en 1966, en <span class=\"hover:entity-accent entity-underline inline cursor-pointer align-baseline\"><span class=\"whitespace-normal\">Inglaterra<\/span><\/span>, pocos meses antes del Mundial. Estaba expuesto en una vitrina cuando desapareci\u00f3 misteriosamente.<\/p>\r\n<p data-start=\"840\" data-end=\"938\">El segundo robo, a\u00fan m\u00e1s impactante, ocurri\u00f3 en 1983, en <span class=\"hover:entity-accent entity-underline inline cursor-pointer align-baseline\"><span class=\"whitespace-normal\">Brasil<\/span><\/span>.<\/p>\r\n<p data-start=\"940\" data-end=\"973\">Esta vez, no hubo recuperaci\u00f3n.<\/p>\r\n<p data-start=\"975\" data-end=\"1107\">El trofeo fue sustra\u00eddo de una sede de la Confederaci\u00f3n Brasile\u00f1a de F\u00fatbol y, seg\u00fan investigaciones, probablemente fue fundido y vendido.<\/p>\r\n<p data-start=\"1109\" data-end=\"1160\">Hasta hoy, su paradero nunca fue confirmado oficialmente.<\/p>\r\n<p data-start=\"1162\" data-end=\"1258\">Este episodio convirti\u00f3 el trofeo Jules Rimet en una especie de \u201creliquia perdida\u201d del f\u00fatbol mundial.<\/p>\r\n\t\t<div data-elementor-type=\"container\" data-elementor-id=\"16043\" class=\"elementor elementor-16043\" data-elementor-post-type=\"elementor_library\">\n\t\t\t\t<div class=\"elementor-element elementor-element-623506e7 e-con-full cta e-flex e-con e-child\" data-id=\"623506e7\" data-element_type=\"container\" data-e-type=\"container\">\n\t\t\t\t<div class=\"elementor-element elementor-element-7e4d68dc titulo1 elementor-widget__width-auto elementor-widget elementor-widget-heading\" data-id=\"7e4d68dc\" data-element_type=\"widget\" data-e-type=\"widget\" data-widget_type=\"heading.default\">\n\t\t\t\t<div class=\"elementor-widget-container\">\n\t\t\t\t\t<h2 class=\"elementor-heading-title elementor-size-default\">Consejo Tudum:<\/h2>\t\t\t\t<\/div>\n\t\t\t\t<\/div>\n\t\t<div data-premium-element-link=\"{&quot;type&quot;:&quot;url&quot;,&quot;link&quot;:{&quot;url&quot;:&quot;https:\\\/\\\/pokysites.com.br\\\/#modelos&quot;,&quot;is_external&quot;:&quot;on&quot;,&quot;nofollow&quot;:&quot;&quot;,&quot;custom_attributes&quot;:&quot;&quot;},&quot;href&quot;:&quot;https:\\\/\\\/pokysites.com.br\\\/#modelos&quot;}\" style=\"cursor: pointer\" class=\"elementor-element elementor-element-372de924 bannerInterno2 premium-wrapper-link-yes e-con-full e-flex elementor-invisible e-con e-child\" data-id=\"372de924\" data-element_type=\"container\" data-e-type=\"container\" data-settings=\"{&quot;background_background&quot;:&quot;classic&quot;,&quot;animation&quot;:&quot;shake&quot;}\">\n\t\t<div class=\"elementor-element elementor-element-6f6ac693 e-con-full e-flex e-con e-child\" data-id=\"6f6ac693\" data-element_type=\"container\" data-e-type=\"container\" data-settings=\"{&quot;background_background&quot;:&quot;classic&quot;}\">\n\t\t\t\t<div class=\"elementor-element elementor-element-3103ebe0 elementor-widget-mobile__width-inherit elementor-widget elementor-widget-image\" data-id=\"3103ebe0\" data-element_type=\"widget\" data-e-type=\"widget\" data-widget_type=\"image.default\">\n\t\t\t\t<div class=\"elementor-widget-container\">\n\t\t\t\t\t\t\t\t\t\t\t\t\t\t\t\t<a href=\"https:\/\/pokysites.com.br\/#modelos\" target=\"_blank\">\n\t\t\t\t\t\t\t<img fetchpriority=\"high\" decoding=\"async\" width=\"700\" height=\"400\" src=\"https:\/\/tudumblog.com\/wp-content\/uploads\/2021\/04\/M2-min.png\" class=\"attachment-full size-full wp-image-9677\" alt=\"\" \/>\t\t\t\t\t\t\t\t<\/a>\n\t\t\t\t\t\t\t\t\t\t\t\t\t\t\t<\/div>\n\t\t\t\t<\/div>\n\t\t\t\t<\/div>\n\t\t<div class=\"elementor-element elementor-element-41389827 e-con-full e-flex e-con e-child\" data-id=\"41389827\" data-element_type=\"container\" data-e-type=\"container\">\n\t\t\t\t<div class=\"elementor-element elementor-element-5e5aac3 elementor-widget__width-inherit elementor-widget elementor-widget-heading\" data-id=\"5e5aac3\" data-element_type=\"widget\" data-e-type=\"widget\" data-widget_type=\"heading.default\">\n\t\t\t\t<div class=\"elementor-widget-container\">\n\t\t\t\t\t<h2 class=\"elementor-heading-title elementor-size-default\"><a href=\"https:\/\/pokysites.com.br\/#modelos\" target=\"_blank\">\u00bfNecesitas un sitio web o una landing page?<\/a><\/h2>\t\t\t\t<\/div>\n\t\t\t\t<\/div>\n\t\t\t\t<div class=\"elementor-element elementor-element-22c351d elementor-widget__width-inherit elementor-align-left elementor-mobile-align-left elementor-widget-mobile__width-inherit elementor-widget elementor-widget-button\" data-id=\"22c351d\" data-element_type=\"widget\" data-e-type=\"widget\" data-widget_type=\"button.default\">\n\t\t\t\t<div class=\"elementor-widget-container\">\n\t\t\t\t\t\t\t\t\t<div class=\"elementor-button-wrapper\">\n\t\t\t\t\t<a class=\"elementor-button elementor-button-link elementor-size-md\" href=\"https:\/\/pokysites.com.br\/#modelos\">\n\t\t\t\t\t\t<span class=\"elementor-button-content-wrapper\">\n\t\t\t\t\t\t\t\t\t<span class=\"elementor-button-text\">Haz clic para ver<\/span>\n\t\t\t\t\t<\/span>\n\t\t\t\t\t<\/a>\n\t\t\t\t<\/div>\n\t\t\t\t\t\t\t\t<\/div>\n\t\t\t\t<\/div>\n\t\t\t\t<\/div>\n\t\t\t\t<\/div>\n\t\t\t\t<\/div>\n\t\t\t\t<\/div>\n\t\t\r\n<h3 data-section-id=\"fvdv45\" data-start=\"4807\" data-end=\"4839\">2. Un perro salv\u00f3 la Copa del Mundo de F\u00fatbol<\/h3>\r\n<p><img decoding=\"async\" class=\"aligncenter wp-image-15983 size-full\" src=\"http:\/\/tudumblog.com\/wp-content\/uploads\/2026\/04\/Pickles-el-perro-que-encontro-el-trofeo-de-la-Copa-del-Mundo-de-Futbol.jpg\" alt=\"Pickles, el perro que encontr\u00f3 el trofeo de la Copa del Mundo de F\u00fatbol\" width=\"1280\" height=\"720\" \/><\/p>\r\n<p data-start=\"1342\" data-end=\"1421\">Si el primer robo ya fue sorprendente, el desenlace fue a\u00fan m\u00e1s incre\u00edble.<\/p>\r\n<p data-start=\"1423\" data-end=\"1545\">Tras la desaparici\u00f3n del trofeo en 1966, Inglaterra inici\u00f3 una b\u00fasqueda intensa. La polic\u00eda no encontraba pistas concretas.<\/p>\r\n<p data-start=\"1547\" data-end=\"1598\">Entonces ocurri\u00f3 algo totalmente inesperado.<\/p>\r\n<p data-start=\"1600\" data-end=\"1727\">Un perro llamado Pickles, mientras paseaba con su due\u00f1o en un barrio de Londres, encontr\u00f3 un paquete sospechoso en un jard\u00edn.<\/p>\r\n<p data-start=\"1729\" data-end=\"1763\">Dentro estaba el trofeo robado.<\/p>\r\n<p data-start=\"1765\" data-end=\"1821\">El hallazgo resolvi\u00f3 un caso que hab\u00eda movilizado a todo el pa\u00eds.<\/p>\r\n<p data-start=\"1823\" data-end=\"1861\">Pickles se convirti\u00f3 en una celebridad instant\u00e1nea:<\/p>\r\n<ul data-start=\"1863\" data-end=\"1967\">\r\n<li data-section-id=\"1htepzq\" data-start=\"1863\" data-end=\"1904\">Apareci\u00f3 en peri\u00f3dicos y programas de televisi\u00f3n.<\/li>\r\n<li data-section-id=\"9fxcvb\" data-start=\"1905\" data-end=\"1928\">Recibi\u00f3 recompensas.<\/li>\r\n<li data-section-id=\"u1wrvu\" data-start=\"1929\" data-end=\"1967\">Incluso particip\u00f3 en eventos oficiales.<\/li>\r\n<\/ul>\r\n<p data-start=\"1969\" data-end=\"2071\">Este episodio sigue siendo recordado como una de las historias m\u00e1s curiosas e improbables del Mundial.<\/p>\r\n<h3 data-section-id=\"137e81r\" data-start=\"4943\" data-end=\"4978\">3. No todos quer\u00edan participar en la Copa del Mundo de F\u00fatbol<\/h3>\r\n<p data-start=\"4980\" data-end=\"5085\">En el primer Mundial, varias selecciones europeas rechazaron participar debido al largo viaje hasta Uruguay.<\/p>\r\n<h3 data-section-id=\"1plpms1\" data-start=\"5087\" data-end=\"5129\">4. La tarjeta roja solo apareci\u00f3 en 1970<\/h3>\r\n<p data-start=\"5131\" data-end=\"5199\">Antes de eso, no exist\u00eda un sistema visual estandarizado de sanciones.<\/p>\r\n<h3 data-section-id=\"24b9zx\" data-start=\"5201\" data-end=\"5234\">5. Brasil es el mayor campe\u00f3n<\/h3>\r\n<p data-start=\"5236\" data-end=\"5291\">Con cinco t\u00edtulos, Brasil lidera el ranking hist\u00f3rico.<\/p>\r\n<h2 data-section-id=\"1y929sf\" data-start=\"5298\" data-end=\"5332\">\ud83d\udcca Mayores campeones de la historia de la Copa del Mundo de F\u00fatbol<\/h2>\r\n<ul data-start=\"5334\" data-end=\"5448\">\r\n<li data-section-id=\"1716sdk\" data-start=\"5334\" data-end=\"5355\">Brasil: 5 t\u00edtulos.<\/li>\r\n<li data-section-id=\"1yxs7nx\" data-start=\"5356\" data-end=\"5379\">Alemania: 4 t\u00edtulos.<\/li>\r\n<li data-section-id=\"1bzefxy\" data-start=\"5380\" data-end=\"5401\">Italia: 4 t\u00edtulos.<\/li>\r\n<li data-section-id=\"zxk8tg\" data-start=\"5402\" data-end=\"5426\">Argentina: 3 t\u00edtulos.<\/li>\r\n<li data-section-id=\"1cvoxit\" data-start=\"5427\" data-end=\"5448\">Francia: 2 t\u00edtulos.<\/li>\r\n<\/ul>\r\n<h3 data-section-id=\"h9ie3a\" data-start=\"5494\" data-end=\"5515\">\ud83d\udccc Resumen pr\u00e1ctico sobre la Copa del Mundo de F\u00fatbol<\/h3>\r\n<p data-start=\"5517\" data-end=\"5693\">La Copa del Mundo es el mayor torneo de f\u00fatbol del planeta, creado en 1930 por la FIFA. El evento ha evolucionado a lo largo de las d\u00e9cadas, ampliando participantes y convirti\u00e9ndose en un fen\u00f3meno global.<\/p>\r\n<h3 data-section-id=\"2029e2\" data-start=\"5700\" data-end=\"5755\">\u2699\ufe0f Paso a paso simplificado: c\u00f3mo funciona la Copa del Mundo de F\u00fatbol<\/h3>\r\n<ol data-start=\"5757\" data-end=\"5882\">\r\n<li data-section-id=\"tyh7f\" data-start=\"5757\" data-end=\"5794\">Fases clasificatorias en cada continente.<\/li>\r\n<li data-section-id=\"eqj791\" data-start=\"5795\" data-end=\"5826\">Clasificaci\u00f3n de las selecciones.<\/li>\r\n<li data-section-id=\"5v1vno\" data-start=\"5827\" data-end=\"5846\">Fase de grupos.<\/li>\r\n<li data-section-id=\"ybb3de\" data-start=\"5847\" data-end=\"5861\">Eliminatorias directas.<\/li>\r\n<li data-section-id=\"hmv0ch\" data-start=\"5862\" data-end=\"5882\">Final y campe\u00f3n.<\/li>\r\n<\/ol>\r\n<h2 data-section-id=\"1wfu6vz\" data-start=\"6894\" data-end=\"6941\">\ud83c\udf0d \u00bfPor qu\u00e9 la Copa del Mundo es considerada un evento global tan importante?<\/h2>\r\n<p data-start=\"271\" data-end=\"439\">La <span class=\"hover:entity-accent entity-underline inline cursor-pointer align-baseline\"><span class=\"whitespace-normal\">Copa del Mundo FIFA<\/span><\/span> va mucho m\u00e1s all\u00e1 del deporte. Es uno de los mayores eventos globales en t\u00e9rminos de audiencia, impacto econ\u00f3mico e influencia cultural.<\/p>\r\n<p data-start=\"441\" data-end=\"479\">Los datos lo demuestran claramente.<\/p>\r\n<h3 data-section-id=\"xb7bcl\" data-start=\"486\" data-end=\"522\">\ud83c\udf10 Alcance global sin comparaci\u00f3n<\/h3>\r\n<p data-start=\"524\" data-end=\"584\">La Copa del Mundo es uno de los eventos m\u00e1s vistos del planeta.<\/p>\r\n<ul data-start=\"586\" data-end=\"827\">\r\n<li data-section-id=\"16wnucz\" data-start=\"586\" data-end=\"680\">La final de 2022 alcanz\u00f3 cerca de <strong data-start=\"630\" data-end=\"660\">1,5 mil millones de espectadores<\/strong> en todo el mundo.<\/li>\r\n<li data-section-id=\"1m2nlhe\" data-start=\"681\" data-end=\"762\">A lo largo del torneo, la audiencia acumulada super\u00f3 los <strong data-start=\"736\" data-end=\"760\">5 mil millones de personas.<\/strong><\/li>\r\n<li data-section-id=\"1osjek1\" data-start=\"763\" data-end=\"827\">M\u00e1s de <strong data-start=\"773\" data-end=\"801\">200 pa\u00edses y territorios<\/strong> siguen la competici\u00f3n.<\/li>\r\n<\/ul>\r\n<p data-start=\"829\" data-end=\"924\">Esto significa que m\u00e1s de la mitad de la poblaci\u00f3n mundial tiene alg\u00fan tipo de contacto con el evento.<\/p>\r\n<p data-start=\"926\" data-end=\"975\">Muy pocos acontecimientos alcanzan este nivel de impacto.<\/p>\r\n<h3 data-section-id=\"rlpnrb\" data-start=\"982\" data-end=\"1017\">\ud83d\udcb0 Impacto econ\u00f3mico millonario<\/h3>\r\n<p data-start=\"1019\" data-end=\"1056\">La Copa del Mundo de F\u00fatbol mueve cifras gigantescas.<\/p>\r\n<ul data-start=\"1058\" data-end=\"1360\">\r\n<li data-section-id=\"gmstng\" data-start=\"1058\" data-end=\"1170\">La edici\u00f3n de 2022 gener\u00f3 alrededor de <strong data-start=\"1092\" data-end=\"1168\">7,5 mil millones de d\u00f3lares en ingresos para la FIFA.<\/strong><\/li>\r\n<li data-section-id=\"l8h92i\" data-start=\"1171\" data-end=\"1249\">El impacto econ\u00f3mico total en el pa\u00eds anfitri\u00f3n puede superar los <strong data-start=\"1229\" data-end=\"1247\">10 mil millones de d\u00f3lares.<\/strong><\/li>\r\n<li data-section-id=\"8w0cjf\" data-start=\"1250\" data-end=\"1360\">En algunas ediciones, las inversiones en infraestructuras superan los <strong data-start=\"1317\" data-end=\"1336\">200 mil millones de d\u00f3lares<\/strong> (como en el caso de Catar).<\/li>\r\n<\/ul>\r\n<p data-start=\"1362\" data-end=\"1473\">Adem\u00e1s, se generan millones de empleos temporales en sectores como la construcci\u00f3n, el turismo, la seguridad y los servicios.<\/p>\r\n<h3 data-section-id=\"1o3289c\" data-start=\"1480\" data-end=\"1511\">\u2708\ufe0f Turismo a escala global<\/h3>\r\n<p data-start=\"1513\" data-end=\"1554\">La Copa atrae visitantes de todo el mundo.<\/p>\r\n<ul data-start=\"1556\" data-end=\"1790\">\r\n<li data-section-id=\"dmtzw9\" data-start=\"1556\" data-end=\"1638\">M\u00e1s de <strong data-start=\"1566\" data-end=\"1607\">1,4 millones de turistas internacionales<\/strong> viajaron al Mundial de 2022.<\/li>\r\n<li data-section-id=\"fq7pmx\" data-start=\"1639\" data-end=\"1716\">Las tasas de ocupaci\u00f3n hotelera alcanzan cerca del <strong data-start=\"1688\" data-end=\"1714\">100% durante el torneo.<\/strong><\/li>\r\n<li data-section-id=\"1mg41wi\" data-start=\"1717\" data-end=\"1790\">El gasto medio por turista aumenta significativamente durante el evento.<\/li>\r\n<\/ul>\r\n<p data-start=\"1792\" data-end=\"1880\">Este flujo impulsa hoteles, restaurantes, transporte y comercio local de forma intensa.<\/p>\r\n<h3 data-section-id=\"1d34ycy\" data-start=\"1887\" data-end=\"1936\">\ud83c\udff3\ufe0f Identidad nacional y participaci\u00f3n masiva<\/h3>\r\n<p data-start=\"1938\" data-end=\"1986\">El impacto emocional tambi\u00e9n se puede medir.<\/p>\r\n<ul data-start=\"1988\" data-end=\"2243\">\r\n<li data-section-id=\"1pp789a\" data-start=\"1988\" data-end=\"2117\">En pa\u00edses como Brasil, los partidos de la selecci\u00f3n superan el <strong data-start=\"2084\" data-end=\"2115\">80% de audiencia televisiva.<\/strong><\/li>\r\n<li data-section-id=\"pl237e\" data-start=\"2118\" data-end=\"2185\">Las redes sociales registran miles de millones de interacciones durante el torneo.<\/li>\r\n<li data-section-id=\"zygwi2\" data-start=\"2186\" data-end=\"2243\">Los jugadores ganan millones de seguidores en pocos d\u00edas.<\/li>\r\n<\/ul>\r\n<p data-start=\"2245\" data-end=\"2340\">La Copa convierte a los futbolistas en \u00eddolos globales y refuerza el sentimiento de identidad nacional.<\/p>\r\n<h3 data-section-id=\"tnfj1i\" data-start=\"2347\" data-end=\"2383\">\ud83d\udcf1 Influencia digital y cultural<\/h3>\r\n<p data-start=\"2385\" data-end=\"2424\">La Copa tambi\u00e9n domina el entorno digital.<\/p>\r\n<ul data-start=\"2426\" data-end=\"2678\">\r\n<li data-section-id=\"1fmi67s\" data-start=\"2426\" data-end=\"2502\">La final de 2022 gener\u00f3 m\u00e1s de <strong data-start=\"2458\" data-end=\"2482\">20 millones de tuits<\/strong> durante el partido.<\/li>\r\n<li data-section-id=\"134f047\" data-start=\"2503\" data-end=\"2611\">Los contenidos relacionados con el torneo acumulan miles de millones de visualizaciones en plataformas como YouTube y TikTok.<\/li>\r\n<li data-section-id=\"1lk98vi\" data-start=\"2612\" data-end=\"2678\">Las marcas invierten miles de millones en publicidad global durante el evento.<\/li>\r\n<\/ul>\r\n<p data-start=\"2680\" data-end=\"2780\">Esto ampl\u00eda el impacto de la Copa m\u00e1s all\u00e1 del campo, influyendo en tendencias, comportamiento y consumo.<\/p>\r\n<h2><img decoding=\"async\" class=\"emoji\" role=\"img\" draggable=\"false\" src=\"https:\/\/s.w.org\/images\/core\/emoji\/16.0.1\/svg\/2753.svg\" alt=\"\u2753\" \/> FAQ Preguntas Frecuentes sobre la Copa del Mundo de F\u00fatbol<\/h2>\r\n\r\n<div class=\"schema-faq wp-block-yoast-faq-block\">\r\n<div id=\"faq-question-1776952466028\" class=\"schema-faq-section\"><strong class=\"schema-faq-question\">1. \u00bfCu\u00e1ndo fue la primera Copa del Mundo de F\u00fatbol?<\/strong>\r\n<p class=\"schema-faq-answer\">La Copa del Mundo de F\u00fatbol fue creada en 1930 por iniciativa de Jules Rimet, quien era presidente de la FIFA en ese momento.<\/p>\r\n<\/div>\r\n<div id=\"faq-question-1776952467234\" class=\"schema-faq-section\"><strong class=\"schema-faq-question\">2. \u00bfD\u00f3nde se celebr\u00f3 la primera Copa del Mundo de F\u00fatbol?<\/strong>\r\n<p class=\"schema-faq-answer\">La primera edici\u00f3n se disput\u00f3 en Uruguay, con solo 13 selecciones participantes. El objetivo era crear un torneo internacional exclusivo para selecciones nacionales, fuera del marco de los Juegos Ol\u00edmpicos.<\/p>\r\n<\/div>\r\n<div id=\"faq-question-1776952467758\" class=\"schema-faq-section\"><strong class=\"schema-faq-question\">3. \u00bfQu\u00e9 pa\u00eds es el mayor campe\u00f3n de la Copa del Mundo de F\u00fatbol?<\/strong>\r\n<p class=\"schema-faq-answer\">Entre todas las selecciones, Brasil es el mayor campe\u00f3n hasta el momento, con el siguiente palmar\u00e9s:<br \/><strong>Brasil: <\/strong>5 t\u00edtulos (1958, 1962, 1970, 1994 y 2002).<br \/><strong>Alemania:<\/strong> 4 t\u00edtulos.<br \/><strong>Italia:<\/strong> 4 t\u00edtulos.<br \/><strong>Argentina:<\/strong> 3 t\u00edtulos (incluido 2022).<br \/><strong>Francia:<\/strong> 2 t\u00edtulos (1998 y 2018).<\/p>\r\n<\/div>\r\n<div id=\"faq-question-1776952468282\" class=\"schema-faq-section\"><strong class=\"schema-faq-question\">4. \u00bfCu\u00e1ntas selecciones participan en la Copa del Mundo y cu\u00e1l es el formato de la competici\u00f3n?<\/strong>\r\n<p class=\"schema-faq-answer\">En el formato actual (con 32 selecciones), hay 8 grupos de 4 equipos.<br \/>Los dos mejores de cada grupo avanzan a los octavos de final.<br \/>A partir de 2026, con 48 selecciones, el formato contar\u00e1 con 12 grupos de 4 equipos. Los dos mejores de cada grupo, junto con los 8 mejores terceros, avanzar\u00e1n a una fase eliminatoria de 32 equipos.<br \/>Esto hace que el torneo sea m\u00e1s grande y m\u00e1s inclusivo.<\/p>\r\n<\/div>\r\n<div id=\"faq-question-1776952469531\" class=\"schema-faq-section\"><strong class=\"schema-faq-question\">5. \u00bfCu\u00e1ntos pa\u00edses han sido sede de la Copa del Mundo?<\/strong>\r\n<p class=\"schema-faq-answer\">Hasta 2022, 17 pa\u00edses han sido sede de la Copa del Mundo (algunos en m\u00e1s de una ocasi\u00f3n). Los pr\u00f3ximos anfitriones ser\u00e1n Estados Unidos, Canad\u00e1 y M\u00e9xico en 2026, siendo la primera edici\u00f3n con tres pa\u00edses organizadores.<br \/>Brasil ha sido sede en dos ocasiones (1950 y 2014), mientras que Argentina no ha vuelto a organizar el torneo en la era moderna.<\/p>\r\n<\/div>\r\n<\/div>\r\n\r\n<h2 class=\"isSelectedEnd\"><img decoding=\"async\" class=\"emoji\" role=\"img\" draggable=\"false\" src=\"https:\/\/s.w.org\/images\/core\/emoji\/17.0.2\/svg\/1f517.svg\" alt=\"\ud83d\udd17\" \/> Lectura recomendada en Tudum Blog<\/h2>\r\n<p>\u00bfTe gusta el Deporte y Ocio y quieres saber m\u00e1s sobre el tema?<\/p>\r\n<p data-start=\"7526\" data-end=\"7641\">Descubre nuestra Gu\u00eda pr\u00e1ctica sobre deporte y ocio, con ideas para encontrar actividades que encajen con tu estilo de vida y te ayuden a mejorar tu rutina.<\/p>\r\n<p data-start=\"7526\" data-end=\"7641\"><strong><a href=\"https:\/\/tudumblog.com\/es\/deportes-y-ocio-guia-practica-para-descubrir-actividades-que-encajan-con-tu-estilo-de-vida-y-mejoran-tu-dia-a-dia\/\" target=\"_blank\" rel=\"noopener\"><img decoding=\"async\" class=\"emoji\" role=\"img\" draggable=\"false\" src=\"https:\/\/s.w.org\/images\/core\/emoji\/17.0.2\/svg\/1f449.svg\" alt=\"\ud83d\udc49\" \/> Haz clic aqu\u00ed<\/a><\/strong> para ver m\u00e1s contenidos sobre Deporte y Ocio.<\/p>\r\n<p class=\"isSelectedEnd\">O si quieres explorar el mundo de forma m\u00e1s amplia, entender h\u00e1bitos, tradiciones, datos curiosos y c\u00f3mo diferentes culturas influyen en nuestro d\u00eda a d\u00eda, hemos reunido todo nuestro contenido en un art\u00edculo completo sobre Cultura y Curiosidades, que ampliar\u00e1 tu visi\u00f3n de forma ligera, informativa y envolvente.<\/p>\r\n<p><img decoding=\"async\" class=\"emoji\" role=\"img\" draggable=\"false\" src=\"https:\/\/s.w.org\/images\/core\/emoji\/17.0.2\/svg\/1f449.svg\" alt=\"\ud83d\udc49\" \/> <strong><a href=\"https:\/\/tudumblog.com\/es\/cultura-y-curiosidades-como-adquirir-mas-conocimiento-util-para-la-vida\/\" target=\"_blank\" rel=\"noopener\">Haz clic aqu\u00ed<\/a><\/strong> para acceder al contenido completo.<\/p>\r\n<h2 dir=\"auto\">Conclusi\u00f3n sobre la Copa del Mundo de F\u00fatbol<\/h2>\r\n<p dir=\"auto\">La Copa del Mundo de F\u00fatbol es mucho m\u00e1s que un simple torneo deportivo. Desde su creaci\u00f3n en 1930 por :contentReference[oaicite:0]{index=0}, el evento ha evolucionado de una competici\u00f3n con solo 13 selecciones a un fen\u00f3meno global que paraliza el planeta cada cuatro a\u00f1os.<\/p>\r\n<p dir=\"auto\">A lo largo de las d\u00e9cadas, la Copa ha reunido historias inolvidables de superaci\u00f3n, genialidad, drama e incluso controversias: desde el nacimiento de :contentReference[oaicite:1]{index=1} en 1958 hasta las l\u00e1grimas de emoci\u00f3n sobre el c\u00e9sped; desde la \u201cMano de Dios\u201d de :contentReference[oaicite:2]{index=2}, pasando por el misterio de :contentReference[oaicite:3]{index=3} en 1998, la redenci\u00f3n en 2002, el impactante 7 a 1 en 2014, hasta la consagraci\u00f3n definitiva de :contentReference[oaicite:4]{index=4} en 2022.<\/p>\r\n<p dir=\"auto\">Estos momentos no se limitan a goles y t\u00edtulos. Revelan el poder del f\u00fatbol para unir a miles de millones de personas, independientemente del pa\u00eds, idioma o cultura. La Copa Jules Rimet robada, el perro Pickles convertido en h\u00e9roe, la expansi\u00f3n a 48 selecciones en 2026 y el impacto econ\u00f3mico multimillonario forman parte de un legado que va mucho m\u00e1s all\u00e1 del terreno de juego.<\/p>\r\n<p dir=\"auto\">Al final, la Copa del Mundo de F\u00fatbol nos recuerda por qu\u00e9 el f\u00fatbol es el deporte m\u00e1s popular del mundo: porque transforma a j\u00f3venes en leyendas, genera emociones colectivas dif\u00edciles de describir y crea recuerdos que atraviesan generaciones. Ya sea viendo los partidos desde casa, en el estadio o a trav\u00e9s de las redes sociales, hay algo seguro: cada cuatro a\u00f1os, el mundo se detiene y habla un mismo idioma, el lenguaje del f\u00fatbol.<\/p>\r\n<p dir=\"auto\">\u26bd<strong> \u00bfTe ha gustado este contenido? <\/strong>Comp\u00e1rtelo con ese amigo o amiga que tambi\u00e9n ama la Copa del Mundo de F\u00fatbol y este deporte que es uno de los m\u00e1s practicados en todo el mundo.<\/p>","protected":false},"excerpt":{"rendered":"<p>Pocos eventos consiguen detener al planeta entero. La Copa del Mundo de F\u00fatbol hace exactamente eso. Cada cuatro a\u00f1os, miles de millones de personas se conectan por una pasi\u00f3n en com\u00fan. No importa el pa\u00eds, idioma o cultura. Durante el torneo, todos hablan el mismo idioma: el f\u00fatbol. Pero, \u00bfalguna vez te has preguntado c\u00f3mo [&hellip;]<\/p>\n","protected":false},"author":1,"featured_media":15980,"comment_status":"open","ping_status":"open","sticky":false,"template":"","format":"standard","meta":{"footnotes":""},"categories":[180,164],"tags":[348],"class_list":["post-15974","post","type-post","status-publish","format-standard","has-post-thumbnail","hentry","category-cultura-y-curiosidades","category-deportes-y-ocio","tag-copa-del-mundo-de-futbol"],"yoast_head":"<!-- This site is optimized with the Yoast SEO Premium plugin v26.0 (Yoast SEO v26.0) - https:\/\/yoast.com\/wordpress\/plugins\/seo\/ -->\n<title>Copa del Mundo de F\u00fatbol, La historia completa y curiosidades que te sorprender\u00e1n - Tudum blog<\/title>\n<meta name=\"description\" content=\"Descubre el origen de la Copa del Mundo de F\u00fatbol, sus momentos m\u00e1s memorables y curiosidades que hacen de este evento algo fascinante...\" \/>\n<meta name=\"robots\" content=\"index, follow, max-snippet:-1, max-image-preview:large, max-video-preview:-1\" \/>\n<link rel=\"canonical\" href=\"https:\/\/tudumblog.com\/es\/copa-del-mundo-de-futbol-la-historia-completa-y-curiosidades-que-te-sorprenderan\/\" \/>\n<meta property=\"og:locale\" content=\"es_ES\" \/>\n<meta property=\"og:type\" content=\"article\" \/>\n<meta property=\"og:title\" content=\"Copa del Mundo de F\u00fatbol, La historia completa y curiosidades que te sorprender\u00e1n\" \/>\n<meta property=\"og:description\" content=\"Descubre el origen de la Copa del Mundo de F\u00fatbol, sus momentos m\u00e1s memorables y curiosidades que hacen de este evento algo fascinante...\" \/>\n<meta property=\"og:url\" content=\"https:\/\/tudumblog.com\/es\/copa-del-mundo-de-futbol-la-historia-completa-y-curiosidades-que-te-sorprenderan\/\" \/>\n<meta property=\"og:site_name\" content=\"Tudum blog\" \/>\n<meta property=\"article:published_time\" content=\"2026-04-20T14:46:44+00:00\" \/>\n<meta property=\"article:modified_time\" content=\"2026-04-29T15:45:01+00:00\" \/>\n<meta property=\"og:image\" content=\"http:\/\/tudumblog.com\/wp-content\/uploads\/2026\/04\/Copa-del-Mundo-de-Futbol-presentando-el-trofeo-en-el-centro-con-las-leyendas-Pele-Maradona-Franz-Beckenbauer-y-Zidane.jpg\" \/>\n\t<meta property=\"og:image:width\" content=\"1280\" \/>\n\t<meta property=\"og:image:height\" content=\"720\" \/>\n\t<meta property=\"og:image:type\" content=\"image\/jpeg\" \/>\n<meta name=\"author\" content=\"admin\" \/>\n<meta name=\"twitter:card\" content=\"summary_large_image\" \/>\n<meta name=\"twitter:label1\" content=\"Escrito por\" \/>\n\t<meta name=\"twitter:data1\" content=\"admin\" \/>\n\t<meta name=\"twitter:label2\" content=\"Tiempo de lectura\" \/>\n\t<meta name=\"twitter:data2\" content=\"19 minutos\" \/>\n<script type=\"application\/ld+json\" class=\"yoast-schema-graph\">{\"@context\":\"https:\/\/schema.org\",\"@graph\":[{\"@type\":\"Article\",\"@id\":\"https:\/\/tudumblog.com\/es\/copa-del-mundo-de-futbol-la-historia-completa-y-curiosidades-que-te-sorprenderan\/#article\",\"isPartOf\":{\"@id\":\"https:\/\/tudumblog.com\/es\/copa-del-mundo-de-futbol-la-historia-completa-y-curiosidades-que-te-sorprenderan\/\"},\"author\":{\"name\":\"admin\",\"@id\":\"https:\/\/tudumblog.com\/#\/schema\/person\/9af0f28e60c9012e4eb76c2135ee9dfe\"},\"headline\":\"Copa del Mundo de F\u00fatbol, La historia completa y curiosidades que te sorprender\u00e1n\",\"datePublished\":\"2026-04-20T14:46:44+00:00\",\"dateModified\":\"2026-04-29T15:45:01+00:00\",\"mainEntityOfPage\":{\"@id\":\"https:\/\/tudumblog.com\/es\/copa-del-mundo-de-futbol-la-historia-completa-y-curiosidades-que-te-sorprenderan\/\"},\"wordCount\":3281,\"commentCount\":0,\"publisher\":{\"@id\":\"https:\/\/tudumblog.com\/#organization\"},\"image\":{\"@id\":\"https:\/\/tudumblog.com\/es\/copa-del-mundo-de-futbol-la-historia-completa-y-curiosidades-que-te-sorprenderan\/#primaryimage\"},\"thumbnailUrl\":\"https:\/\/tudumblog.com\/wp-content\/uploads\/2026\/04\/Copa-del-Mundo-de-Futbol-presentando-el-trofeo-en-el-centro-con-las-leyendas-Pele-Maradona-Franz-Beckenbauer-y-Zidane.jpg\",\"keywords\":[\"Copa del Mundo de F\u00fatbol\"],\"articleSection\":[\"Cultura y Curiosidades\",\"Deportes y Ocio\"],\"inLanguage\":\"es\",\"potentialAction\":[{\"@type\":\"CommentAction\",\"name\":\"Comment\",\"target\":[\"https:\/\/tudumblog.com\/es\/copa-del-mundo-de-futbol-la-historia-completa-y-curiosidades-que-te-sorprenderan\/#respond\"]}]},{\"@type\":[\"WebPage\",\"FAQPage\"],\"@id\":\"https:\/\/tudumblog.com\/es\/copa-del-mundo-de-futbol-la-historia-completa-y-curiosidades-que-te-sorprenderan\/\",\"url\":\"https:\/\/tudumblog.com\/es\/copa-del-mundo-de-futbol-la-historia-completa-y-curiosidades-que-te-sorprenderan\/\",\"name\":\"Copa del Mundo de F\u00fatbol, La historia completa y curiosidades que te sorprender\u00e1n - Tudum blog\",\"isPartOf\":{\"@id\":\"https:\/\/tudumblog.com\/#website\"},\"primaryImageOfPage\":{\"@id\":\"https:\/\/tudumblog.com\/es\/copa-del-mundo-de-futbol-la-historia-completa-y-curiosidades-que-te-sorprenderan\/#primaryimage\"},\"image\":{\"@id\":\"https:\/\/tudumblog.com\/es\/copa-del-mundo-de-futbol-la-historia-completa-y-curiosidades-que-te-sorprenderan\/#primaryimage\"},\"thumbnailUrl\":\"https:\/\/tudumblog.com\/wp-content\/uploads\/2026\/04\/Copa-del-Mundo-de-Futbol-presentando-el-trofeo-en-el-centro-con-las-leyendas-Pele-Maradona-Franz-Beckenbauer-y-Zidane.jpg\",\"datePublished\":\"2026-04-20T14:46:44+00:00\",\"dateModified\":\"2026-04-29T15:45:01+00:00\",\"description\":\"Descubre el origen de la Copa del Mundo de F\u00fatbol, sus momentos m\u00e1s memorables y curiosidades que hacen de este evento algo fascinante...\",\"breadcrumb\":{\"@id\":\"https:\/\/tudumblog.com\/es\/copa-del-mundo-de-futbol-la-historia-completa-y-curiosidades-que-te-sorprenderan\/#breadcrumb\"},\"mainEntity\":[{\"@id\":\"https:\/\/tudumblog.com\/es\/copa-del-mundo-de-futbol-la-historia-completa-y-curiosidades-que-te-sorprenderan\/#faq-question-1776952466028\"},{\"@id\":\"https:\/\/tudumblog.com\/es\/copa-del-mundo-de-futbol-la-historia-completa-y-curiosidades-que-te-sorprenderan\/#faq-question-1776952467234\"},{\"@id\":\"https:\/\/tudumblog.com\/es\/copa-del-mundo-de-futbol-la-historia-completa-y-curiosidades-que-te-sorprenderan\/#faq-question-1776952467758\"},{\"@id\":\"https:\/\/tudumblog.com\/es\/copa-del-mundo-de-futbol-la-historia-completa-y-curiosidades-que-te-sorprenderan\/#faq-question-1776952468282\"},{\"@id\":\"https:\/\/tudumblog.com\/es\/copa-del-mundo-de-futbol-la-historia-completa-y-curiosidades-que-te-sorprenderan\/#faq-question-1776952469531\"}],\"inLanguage\":\"es\",\"potentialAction\":[{\"@type\":\"ReadAction\",\"target\":[\"https:\/\/tudumblog.com\/es\/copa-del-mundo-de-futbol-la-historia-completa-y-curiosidades-que-te-sorprenderan\/\"]}]},{\"@type\":\"ImageObject\",\"inLanguage\":\"es\",\"@id\":\"https:\/\/tudumblog.com\/es\/copa-del-mundo-de-futbol-la-historia-completa-y-curiosidades-que-te-sorprenderan\/#primaryimage\",\"url\":\"https:\/\/tudumblog.com\/wp-content\/uploads\/2026\/04\/Copa-del-Mundo-de-Futbol-presentando-el-trofeo-en-el-centro-con-las-leyendas-Pele-Maradona-Franz-Beckenbauer-y-Zidane.jpg\",\"contentUrl\":\"https:\/\/tudumblog.com\/wp-content\/uploads\/2026\/04\/Copa-del-Mundo-de-Futbol-presentando-el-trofeo-en-el-centro-con-las-leyendas-Pele-Maradona-Franz-Beckenbauer-y-Zidane.jpg\",\"width\":1280,\"height\":720,\"caption\":\"Copa del Mundo de F\u00fatbol presentando el trofeo en el centro, con las leyendas Pel\u00e9, Maradona, Franz Beckenbauer y Zidane.\"},{\"@type\":\"BreadcrumbList\",\"@id\":\"https:\/\/tudumblog.com\/es\/copa-del-mundo-de-futbol-la-historia-completa-y-curiosidades-que-te-sorprenderan\/#breadcrumb\",\"itemListElement\":[{\"@type\":\"ListItem\",\"position\":1,\"name\":\"In\u00edcio\",\"item\":\"https:\/\/tudumblog.com\/es\/\"},{\"@type\":\"ListItem\",\"position\":2,\"name\":\"Copa del Mundo de F\u00fatbol, La historia completa y curiosidades que te sorprender\u00e1n\"}]},{\"@type\":\"WebSite\",\"@id\":\"https:\/\/tudumblog.com\/#website\",\"url\":\"https:\/\/tudumblog.com\/\",\"name\":\"Tudum blog\",\"description\":\"Informa\u00e7\u00e3o e conte\u00fado, tudo em um s\u00f3 lugar!\",\"publisher\":{\"@id\":\"https:\/\/tudumblog.com\/#organization\"},\"potentialAction\":[{\"@type\":\"SearchAction\",\"target\":{\"@type\":\"EntryPoint\",\"urlTemplate\":\"https:\/\/tudumblog.com\/?s={search_term_string}\"},\"query-input\":{\"@type\":\"PropertyValueSpecification\",\"valueRequired\":true,\"valueName\":\"search_term_string\"}}],\"inLanguage\":\"es\"},{\"@type\":\"Organization\",\"@id\":\"https:\/\/tudumblog.com\/#organization\",\"name\":\"Tudum blog\",\"url\":\"https:\/\/tudumblog.com\/\",\"logo\":{\"@type\":\"ImageObject\",\"inLanguage\":\"es\",\"@id\":\"https:\/\/tudumblog.com\/#\/schema\/logo\/image\/\",\"url\":\"https:\/\/tudumblog.com\/wp-content\/uploads\/2025\/04\/Logo-Principal1-1.png\",\"contentUrl\":\"https:\/\/tudumblog.com\/wp-content\/uploads\/2025\/04\/Logo-Principal1-1.png\",\"width\":290,\"height\":101,\"caption\":\"Tudum blog\"},\"image\":{\"@id\":\"https:\/\/tudumblog.com\/#\/schema\/logo\/image\/\"},\"sameAs\":[\"https:\/\/br.pinterest.com\/tudumblog\",\"https:\/\/www.youtube.com\/@tudumblog\"]},{\"@type\":\"Person\",\"@id\":\"https:\/\/tudumblog.com\/#\/schema\/person\/9af0f28e60c9012e4eb76c2135ee9dfe\",\"name\":\"admin\",\"image\":{\"@type\":\"ImageObject\",\"inLanguage\":\"es\",\"@id\":\"https:\/\/tudumblog.com\/#\/schema\/person\/image\/\",\"url\":\"https:\/\/secure.gravatar.com\/avatar\/0c20894aabcf7f93dc09013b9b88729f8f87fd70258fa66778b30e74c5b8bab1?s=96&d=mm&r=g\",\"contentUrl\":\"https:\/\/secure.gravatar.com\/avatar\/0c20894aabcf7f93dc09013b9b88729f8f87fd70258fa66778b30e74c5b8bab1?s=96&d=mm&r=g\",\"caption\":\"admin\"},\"description\":\"Tudum Blog \u2013 Tudo em um s\u00f3 lugar! Ol\u00e1, tudo bem? Eu sou o Pedro Costa, Publicit\u00e1rio, Designer Gr\u00e1fico, Web Designer e Gestor de Tr\u00e1fego para Marketing Digital. Tamb\u00e9m sou o fundador do Tudum Blog e de outras empresas como a Poky Sites, o meu objetivo com esse blog \u00e9 oferecer informa\u00e7\u00e3o \u00fatil, acess\u00edvel e com personalidade. Acredito que conhecimento de qualidade deve estar ao alcance de todos, de forma clara, confi\u00e1vel e envolvente. Por isso busco produzir algo diferente e principalmente \u00fatil para meus leitores, atrav\u00e9s de conte\u00fados em micro nichos diversos, sempre com aten\u00e7\u00e3o \u00e0 qualidade, originalidade e \u00e0s necessidades reais das pessoas. Minha miss\u00e3o com o Tudum \u00e9 ser uma fonte pr\u00e1tica de descobertas e aprendizados no seu dia a dia. Seja bem-vindo ao Tudum Blog: tudo o que voc\u00ea precisa, reunido em um s\u00f3 lugar!\",\"url\":\"https:\/\/tudumblog.com\/es\/author\/admin\/\"},{\"@type\":\"Question\",\"@id\":\"https:\/\/tudumblog.com\/es\/copa-del-mundo-de-futbol-la-historia-completa-y-curiosidades-que-te-sorprenderan\/#faq-question-1776952466028\",\"position\":1,\"url\":\"https:\/\/tudumblog.com\/es\/copa-del-mundo-de-futbol-la-historia-completa-y-curiosidades-que-te-sorprenderan\/#faq-question-1776952466028\",\"name\":\"1. \u00bfCu\u00e1ndo fue la primera Copa del Mundo de F\u00fatbol?\",\"answerCount\":1,\"acceptedAnswer\":{\"@type\":\"Answer\",\"text\":\"La Copa del Mundo de F\u00fatbol fue creada en 1930 por iniciativa de Jules Rimet, quien era presidente de la FIFA en ese momento.\",\"inLanguage\":\"es\"},\"inLanguage\":\"es\"},{\"@type\":\"Question\",\"@id\":\"https:\/\/tudumblog.com\/es\/copa-del-mundo-de-futbol-la-historia-completa-y-curiosidades-que-te-sorprenderan\/#faq-question-1776952467234\",\"position\":2,\"url\":\"https:\/\/tudumblog.com\/es\/copa-del-mundo-de-futbol-la-historia-completa-y-curiosidades-que-te-sorprenderan\/#faq-question-1776952467234\",\"name\":\"2. \u00bfD\u00f3nde se celebr\u00f3 la primera Copa del Mundo de F\u00fatbol?\",\"answerCount\":1,\"acceptedAnswer\":{\"@type\":\"Answer\",\"text\":\"La primera edici\u00f3n se disput\u00f3 en Uruguay, con solo 13 selecciones participantes. El objetivo era crear un torneo internacional exclusivo para selecciones nacionales, fuera del marco de los Juegos Ol\u00edmpicos.\",\"inLanguage\":\"es\"},\"inLanguage\":\"es\"},{\"@type\":\"Question\",\"@id\":\"https:\/\/tudumblog.com\/es\/copa-del-mundo-de-futbol-la-historia-completa-y-curiosidades-que-te-sorprenderan\/#faq-question-1776952467758\",\"position\":3,\"url\":\"https:\/\/tudumblog.com\/es\/copa-del-mundo-de-futbol-la-historia-completa-y-curiosidades-que-te-sorprenderan\/#faq-question-1776952467758\",\"name\":\"3. \u00bfQu\u00e9 pa\u00eds es el mayor campe\u00f3n de la Copa del Mundo de F\u00fatbol?\",\"answerCount\":1,\"acceptedAnswer\":{\"@type\":\"Answer\",\"text\":\"Entre todas las selecciones, Brasil es el mayor campe\u00f3n hasta el momento, con el siguiente palmar\u00e9s:<br\/><strong>Brasil: <\/strong>5 t\u00edtulos (1958, 1962, 1970, 1994 y 2002).<br\/><strong>Alemania:<\/strong> 4 t\u00edtulos.<br\/><strong>Italia:<\/strong> 4 t\u00edtulos.<br\/><strong>Argentina:<\/strong> 3 t\u00edtulos (incluido 2022).<br\/><strong>Francia:<\/strong> 2 t\u00edtulos (1998 y 2018).\",\"inLanguage\":\"es\"},\"inLanguage\":\"es\"},{\"@type\":\"Question\",\"@id\":\"https:\/\/tudumblog.com\/es\/copa-del-mundo-de-futbol-la-historia-completa-y-curiosidades-que-te-sorprenderan\/#faq-question-1776952468282\",\"position\":4,\"url\":\"https:\/\/tudumblog.com\/es\/copa-del-mundo-de-futbol-la-historia-completa-y-curiosidades-que-te-sorprenderan\/#faq-question-1776952468282\",\"name\":\"4. \u00bfCu\u00e1ntas selecciones participan en la Copa del Mundo y cu\u00e1l es el formato de la competici\u00f3n?\",\"answerCount\":1,\"acceptedAnswer\":{\"@type\":\"Answer\",\"text\":\"En el formato actual (con 32 selecciones), hay 8 grupos de 4 equipos.<br\/>Los dos mejores de cada grupo avanzan a los octavos de final.<br\/>A partir de 2026, con 48 selecciones, el formato contar\u00e1 con 12 grupos de 4 equipos. Los dos mejores de cada grupo, junto con los 8 mejores terceros, avanzar\u00e1n a una fase eliminatoria de 32 equipos.<br\/>Esto hace que el torneo sea m\u00e1s grande y m\u00e1s inclusivo.\",\"inLanguage\":\"es\"},\"inLanguage\":\"es\"},{\"@type\":\"Question\",\"@id\":\"https:\/\/tudumblog.com\/es\/copa-del-mundo-de-futbol-la-historia-completa-y-curiosidades-que-te-sorprenderan\/#faq-question-1776952469531\",\"position\":5,\"url\":\"https:\/\/tudumblog.com\/es\/copa-del-mundo-de-futbol-la-historia-completa-y-curiosidades-que-te-sorprenderan\/#faq-question-1776952469531\",\"name\":\"5. \u00bfCu\u00e1ntos pa\u00edses han sido sede de la Copa del Mundo?\",\"answerCount\":1,\"acceptedAnswer\":{\"@type\":\"Answer\",\"text\":\"Hasta 2022, 17 pa\u00edses han sido sede de la Copa del Mundo (algunos en m\u00e1s de una ocasi\u00f3n). Los pr\u00f3ximos anfitriones ser\u00e1n Estados Unidos, Canad\u00e1 y M\u00e9xico en 2026, siendo la primera edici\u00f3n con tres pa\u00edses organizadores.<br\/>Brasil ha sido sede en dos ocasiones (1950 y 2014), mientras que Argentina no ha vuelto a organizar el torneo en la era moderna.\",\"inLanguage\":\"es\"},\"inLanguage\":\"es\"}]}<\/script>\n<!-- \/ Yoast SEO Premium plugin. -->","yoast_head_json":{"title":"Copa del Mundo de F\u00fatbol, La historia completa y curiosidades que te sorprender\u00e1n - Tudum blog","description":"Descubre el origen de la Copa del Mundo de F\u00fatbol, sus momentos m\u00e1s memorables y curiosidades que hacen de este evento algo fascinante...","robots":{"index":"index","follow":"follow","max-snippet":"max-snippet:-1","max-image-preview":"max-image-preview:large","max-video-preview":"max-video-preview:-1"},"canonical":"https:\/\/tudumblog.com\/es\/copa-del-mundo-de-futbol-la-historia-completa-y-curiosidades-que-te-sorprenderan\/","og_locale":"es_ES","og_type":"article","og_title":"Copa del Mundo de F\u00fatbol, La historia completa y curiosidades que te sorprender\u00e1n","og_description":"Descubre el origen de la Copa del Mundo de F\u00fatbol, sus momentos m\u00e1s memorables y curiosidades que hacen de este evento algo fascinante...","og_url":"https:\/\/tudumblog.com\/es\/copa-del-mundo-de-futbol-la-historia-completa-y-curiosidades-que-te-sorprenderan\/","og_site_name":"Tudum blog","article_published_time":"2026-04-20T14:46:44+00:00","article_modified_time":"2026-04-29T15:45:01+00:00","og_image":[{"width":1280,"height":720,"url":"http:\/\/tudumblog.com\/wp-content\/uploads\/2026\/04\/Copa-del-Mundo-de-Futbol-presentando-el-trofeo-en-el-centro-con-las-leyendas-Pele-Maradona-Franz-Beckenbauer-y-Zidane.jpg","type":"image\/jpeg"}],"author":"admin","twitter_card":"summary_large_image","twitter_misc":{"Escrito por":"admin","Tiempo de lectura":"19 minutos"},"schema":{"@context":"https:\/\/schema.org","@graph":[{"@type":"Article","@id":"https:\/\/tudumblog.com\/es\/copa-del-mundo-de-futbol-la-historia-completa-y-curiosidades-que-te-sorprenderan\/#article","isPartOf":{"@id":"https:\/\/tudumblog.com\/es\/copa-del-mundo-de-futbol-la-historia-completa-y-curiosidades-que-te-sorprenderan\/"},"author":{"name":"admin","@id":"https:\/\/tudumblog.com\/#\/schema\/person\/9af0f28e60c9012e4eb76c2135ee9dfe"},"headline":"Copa del Mundo de F\u00fatbol, La historia completa y curiosidades que te sorprender\u00e1n","datePublished":"2026-04-20T14:46:44+00:00","dateModified":"2026-04-29T15:45:01+00:00","mainEntityOfPage":{"@id":"https:\/\/tudumblog.com\/es\/copa-del-mundo-de-futbol-la-historia-completa-y-curiosidades-que-te-sorprenderan\/"},"wordCount":3281,"commentCount":0,"publisher":{"@id":"https:\/\/tudumblog.com\/#organization"},"image":{"@id":"https:\/\/tudumblog.com\/es\/copa-del-mundo-de-futbol-la-historia-completa-y-curiosidades-que-te-sorprenderan\/#primaryimage"},"thumbnailUrl":"https:\/\/tudumblog.com\/wp-content\/uploads\/2026\/04\/Copa-del-Mundo-de-Futbol-presentando-el-trofeo-en-el-centro-con-las-leyendas-Pele-Maradona-Franz-Beckenbauer-y-Zidane.jpg","keywords":["Copa del Mundo de F\u00fatbol"],"articleSection":["Cultura y Curiosidades","Deportes y Ocio"],"inLanguage":"es","potentialAction":[{"@type":"CommentAction","name":"Comment","target":["https:\/\/tudumblog.com\/es\/copa-del-mundo-de-futbol-la-historia-completa-y-curiosidades-que-te-sorprenderan\/#respond"]}]},{"@type":["WebPage","FAQPage"],"@id":"https:\/\/tudumblog.com\/es\/copa-del-mundo-de-futbol-la-historia-completa-y-curiosidades-que-te-sorprenderan\/","url":"https:\/\/tudumblog.com\/es\/copa-del-mundo-de-futbol-la-historia-completa-y-curiosidades-que-te-sorprenderan\/","name":"Copa del Mundo de F\u00fatbol, La historia completa y curiosidades que te sorprender\u00e1n - Tudum blog","isPartOf":{"@id":"https:\/\/tudumblog.com\/#website"},"primaryImageOfPage":{"@id":"https:\/\/tudumblog.com\/es\/copa-del-mundo-de-futbol-la-historia-completa-y-curiosidades-que-te-sorprenderan\/#primaryimage"},"image":{"@id":"https:\/\/tudumblog.com\/es\/copa-del-mundo-de-futbol-la-historia-completa-y-curiosidades-que-te-sorprenderan\/#primaryimage"},"thumbnailUrl":"https:\/\/tudumblog.com\/wp-content\/uploads\/2026\/04\/Copa-del-Mundo-de-Futbol-presentando-el-trofeo-en-el-centro-con-las-leyendas-Pele-Maradona-Franz-Beckenbauer-y-Zidane.jpg","datePublished":"2026-04-20T14:46:44+00:00","dateModified":"2026-04-29T15:45:01+00:00","description":"Descubre el origen de la Copa del Mundo de F\u00fatbol, sus momentos m\u00e1s memorables y curiosidades que hacen de este evento algo fascinante...","breadcrumb":{"@id":"https:\/\/tudumblog.com\/es\/copa-del-mundo-de-futbol-la-historia-completa-y-curiosidades-que-te-sorprenderan\/#breadcrumb"},"mainEntity":[{"@id":"https:\/\/tudumblog.com\/es\/copa-del-mundo-de-futbol-la-historia-completa-y-curiosidades-que-te-sorprenderan\/#faq-question-1776952466028"},{"@id":"https:\/\/tudumblog.com\/es\/copa-del-mundo-de-futbol-la-historia-completa-y-curiosidades-que-te-sorprenderan\/#faq-question-1776952467234"},{"@id":"https:\/\/tudumblog.com\/es\/copa-del-mundo-de-futbol-la-historia-completa-y-curiosidades-que-te-sorprenderan\/#faq-question-1776952467758"},{"@id":"https:\/\/tudumblog.com\/es\/copa-del-mundo-de-futbol-la-historia-completa-y-curiosidades-que-te-sorprenderan\/#faq-question-1776952468282"},{"@id":"https:\/\/tudumblog.com\/es\/copa-del-mundo-de-futbol-la-historia-completa-y-curiosidades-que-te-sorprenderan\/#faq-question-1776952469531"}],"inLanguage":"es","potentialAction":[{"@type":"ReadAction","target":["https:\/\/tudumblog.com\/es\/copa-del-mundo-de-futbol-la-historia-completa-y-curiosidades-que-te-sorprenderan\/"]}]},{"@type":"ImageObject","inLanguage":"es","@id":"https:\/\/tudumblog.com\/es\/copa-del-mundo-de-futbol-la-historia-completa-y-curiosidades-que-te-sorprenderan\/#primaryimage","url":"https:\/\/tudumblog.com\/wp-content\/uploads\/2026\/04\/Copa-del-Mundo-de-Futbol-presentando-el-trofeo-en-el-centro-con-las-leyendas-Pele-Maradona-Franz-Beckenbauer-y-Zidane.jpg","contentUrl":"https:\/\/tudumblog.com\/wp-content\/uploads\/2026\/04\/Copa-del-Mundo-de-Futbol-presentando-el-trofeo-en-el-centro-con-las-leyendas-Pele-Maradona-Franz-Beckenbauer-y-Zidane.jpg","width":1280,"height":720,"caption":"Copa del Mundo de F\u00fatbol presentando el trofeo en el centro, con las leyendas Pel\u00e9, Maradona, Franz Beckenbauer y Zidane."},{"@type":"BreadcrumbList","@id":"https:\/\/tudumblog.com\/es\/copa-del-mundo-de-futbol-la-historia-completa-y-curiosidades-que-te-sorprenderan\/#breadcrumb","itemListElement":[{"@type":"ListItem","position":1,"name":"In\u00edcio","item":"https:\/\/tudumblog.com\/es\/"},{"@type":"ListItem","position":2,"name":"Copa del Mundo de F\u00fatbol, La historia completa y curiosidades que te sorprender\u00e1n"}]},{"@type":"WebSite","@id":"https:\/\/tudumblog.com\/#website","url":"https:\/\/tudumblog.com\/","name":"Tudum blog","description":"Informa\u00e7\u00e3o e conte\u00fado, tudo em um s\u00f3 lugar!","publisher":{"@id":"https:\/\/tudumblog.com\/#organization"},"potentialAction":[{"@type":"SearchAction","target":{"@type":"EntryPoint","urlTemplate":"https:\/\/tudumblog.com\/?s={search_term_string}"},"query-input":{"@type":"PropertyValueSpecification","valueRequired":true,"valueName":"search_term_string"}}],"inLanguage":"es"},{"@type":"Organization","@id":"https:\/\/tudumblog.com\/#organization","name":"Tudum blog","url":"https:\/\/tudumblog.com\/","logo":{"@type":"ImageObject","inLanguage":"es","@id":"https:\/\/tudumblog.com\/#\/schema\/logo\/image\/","url":"https:\/\/tudumblog.com\/wp-content\/uploads\/2025\/04\/Logo-Principal1-1.png","contentUrl":"https:\/\/tudumblog.com\/wp-content\/uploads\/2025\/04\/Logo-Principal1-1.png","width":290,"height":101,"caption":"Tudum blog"},"image":{"@id":"https:\/\/tudumblog.com\/#\/schema\/logo\/image\/"},"sameAs":["https:\/\/br.pinterest.com\/tudumblog","https:\/\/www.youtube.com\/@tudumblog"]},{"@type":"Person","@id":"https:\/\/tudumblog.com\/#\/schema\/person\/9af0f28e60c9012e4eb76c2135ee9dfe","name":"admin","image":{"@type":"ImageObject","inLanguage":"es","@id":"https:\/\/tudumblog.com\/#\/schema\/person\/image\/","url":"https:\/\/secure.gravatar.com\/avatar\/0c20894aabcf7f93dc09013b9b88729f8f87fd70258fa66778b30e74c5b8bab1?s=96&d=mm&r=g","contentUrl":"https:\/\/secure.gravatar.com\/avatar\/0c20894aabcf7f93dc09013b9b88729f8f87fd70258fa66778b30e74c5b8bab1?s=96&d=mm&r=g","caption":"admin"},"description":"Tudum Blog \u2013 Tudo em um s\u00f3 lugar! Ol\u00e1, tudo bem? Eu sou o Pedro Costa, Publicit\u00e1rio, Designer Gr\u00e1fico, Web Designer e Gestor de Tr\u00e1fego para Marketing Digital. Tamb\u00e9m sou o fundador do Tudum Blog e de outras empresas como a Poky Sites, o meu objetivo com esse blog \u00e9 oferecer informa\u00e7\u00e3o \u00fatil, acess\u00edvel e com personalidade. Acredito que conhecimento de qualidade deve estar ao alcance de todos, de forma clara, confi\u00e1vel e envolvente. Por isso busco produzir algo diferente e principalmente \u00fatil para meus leitores, atrav\u00e9s de conte\u00fados em micro nichos diversos, sempre com aten\u00e7\u00e3o \u00e0 qualidade, originalidade e \u00e0s necessidades reais das pessoas. Minha miss\u00e3o com o Tudum \u00e9 ser uma fonte pr\u00e1tica de descobertas e aprendizados no seu dia a dia. Seja bem-vindo ao Tudum Blog: tudo o que voc\u00ea precisa, reunido em um s\u00f3 lugar!","url":"https:\/\/tudumblog.com\/es\/author\/admin\/"},{"@type":"Question","@id":"https:\/\/tudumblog.com\/es\/copa-del-mundo-de-futbol-la-historia-completa-y-curiosidades-que-te-sorprenderan\/#faq-question-1776952466028","position":1,"url":"https:\/\/tudumblog.com\/es\/copa-del-mundo-de-futbol-la-historia-completa-y-curiosidades-que-te-sorprenderan\/#faq-question-1776952466028","name":"1. \u00bfCu\u00e1ndo fue la primera Copa del Mundo de F\u00fatbol?","answerCount":1,"acceptedAnswer":{"@type":"Answer","text":"La Copa del Mundo de F\u00fatbol fue creada en 1930 por iniciativa de Jules Rimet, quien era presidente de la FIFA en ese momento.","inLanguage":"es"},"inLanguage":"es"},{"@type":"Question","@id":"https:\/\/tudumblog.com\/es\/copa-del-mundo-de-futbol-la-historia-completa-y-curiosidades-que-te-sorprenderan\/#faq-question-1776952467234","position":2,"url":"https:\/\/tudumblog.com\/es\/copa-del-mundo-de-futbol-la-historia-completa-y-curiosidades-que-te-sorprenderan\/#faq-question-1776952467234","name":"2. \u00bfD\u00f3nde se celebr\u00f3 la primera Copa del Mundo de F\u00fatbol?","answerCount":1,"acceptedAnswer":{"@type":"Answer","text":"La primera edici\u00f3n se disput\u00f3 en Uruguay, con solo 13 selecciones participantes. El objetivo era crear un torneo internacional exclusivo para selecciones nacionales, fuera del marco de los Juegos Ol\u00edmpicos.","inLanguage":"es"},"inLanguage":"es"},{"@type":"Question","@id":"https:\/\/tudumblog.com\/es\/copa-del-mundo-de-futbol-la-historia-completa-y-curiosidades-que-te-sorprenderan\/#faq-question-1776952467758","position":3,"url":"https:\/\/tudumblog.com\/es\/copa-del-mundo-de-futbol-la-historia-completa-y-curiosidades-que-te-sorprenderan\/#faq-question-1776952467758","name":"3. \u00bfQu\u00e9 pa\u00eds es el mayor campe\u00f3n de la Copa del Mundo de F\u00fatbol?","answerCount":1,"acceptedAnswer":{"@type":"Answer","text":"Entre todas las selecciones, Brasil es el mayor campe\u00f3n hasta el momento, con el siguiente palmar\u00e9s:<br\/><strong>Brasil: <\/strong>5 t\u00edtulos (1958, 1962, 1970, 1994 y 2002).<br\/><strong>Alemania:<\/strong> 4 t\u00edtulos.<br\/><strong>Italia:<\/strong> 4 t\u00edtulos.<br\/><strong>Argentina:<\/strong> 3 t\u00edtulos (incluido 2022).<br\/><strong>Francia:<\/strong> 2 t\u00edtulos (1998 y 2018).","inLanguage":"es"},"inLanguage":"es"},{"@type":"Question","@id":"https:\/\/tudumblog.com\/es\/copa-del-mundo-de-futbol-la-historia-completa-y-curiosidades-que-te-sorprenderan\/#faq-question-1776952468282","position":4,"url":"https:\/\/tudumblog.com\/es\/copa-del-mundo-de-futbol-la-historia-completa-y-curiosidades-que-te-sorprenderan\/#faq-question-1776952468282","name":"4. \u00bfCu\u00e1ntas selecciones participan en la Copa del Mundo y cu\u00e1l es el formato de la competici\u00f3n?","answerCount":1,"acceptedAnswer":{"@type":"Answer","text":"En el formato actual (con 32 selecciones), hay 8 grupos de 4 equipos.<br\/>Los dos mejores de cada grupo avanzan a los octavos de final.<br\/>A partir de 2026, con 48 selecciones, el formato contar\u00e1 con 12 grupos de 4 equipos. Los dos mejores de cada grupo, junto con los 8 mejores terceros, avanzar\u00e1n a una fase eliminatoria de 32 equipos.<br\/>Esto hace que el torneo sea m\u00e1s grande y m\u00e1s inclusivo.","inLanguage":"es"},"inLanguage":"es"},{"@type":"Question","@id":"https:\/\/tudumblog.com\/es\/copa-del-mundo-de-futbol-la-historia-completa-y-curiosidades-que-te-sorprenderan\/#faq-question-1776952469531","position":5,"url":"https:\/\/tudumblog.com\/es\/copa-del-mundo-de-futbol-la-historia-completa-y-curiosidades-que-te-sorprenderan\/#faq-question-1776952469531","name":"5. \u00bfCu\u00e1ntos pa\u00edses han sido sede de la Copa del Mundo?","answerCount":1,"acceptedAnswer":{"@type":"Answer","text":"Hasta 2022, 17 pa\u00edses han sido sede de la Copa del Mundo (algunos en m\u00e1s de una ocasi\u00f3n). Los pr\u00f3ximos anfitriones ser\u00e1n Estados Unidos, Canad\u00e1 y M\u00e9xico en 2026, siendo la primera edici\u00f3n con tres pa\u00edses organizadores.<br\/>Brasil ha sido sede en dos ocasiones (1950 y 2014), mientras que Argentina no ha vuelto a organizar el torneo en la era moderna.","inLanguage":"es"},"inLanguage":"es"}]}},"_links":{"self":[{"href":"https:\/\/tudumblog.com\/es\/wp-json\/wp\/v2\/posts\/15974","targetHints":{"allow":["GET"]}}],"collection":[{"href":"https:\/\/tudumblog.com\/es\/wp-json\/wp\/v2\/posts"}],"about":[{"href":"https:\/\/tudumblog.com\/es\/wp-json\/wp\/v2\/types\/post"}],"author":[{"embeddable":true,"href":"https:\/\/tudumblog.com\/es\/wp-json\/wp\/v2\/users\/1"}],"replies":[{"embeddable":true,"href":"https:\/\/tudumblog.com\/es\/wp-json\/wp\/v2\/comments?post=15974"}],"version-history":[{"count":7,"href":"https:\/\/tudumblog.com\/es\/wp-json\/wp\/v2\/posts\/15974\/revisions"}],"predecessor-version":[{"id":16047,"href":"https:\/\/tudumblog.com\/es\/wp-json\/wp\/v2\/posts\/15974\/revisions\/16047"}],"wp:featuredmedia":[{"embeddable":true,"href":"https:\/\/tudumblog.com\/es\/wp-json\/wp\/v2\/media\/15980"}],"wp:attachment":[{"href":"https:\/\/tudumblog.com\/es\/wp-json\/wp\/v2\/media?parent=15974"}],"wp:term":[{"taxonomy":"category","embeddable":true,"href":"https:\/\/tudumblog.com\/es\/wp-json\/wp\/v2\/categories?post=15974"},{"taxonomy":"post_tag","embeddable":true,"href":"https:\/\/tudumblog.com\/es\/wp-json\/wp\/v2\/tags?post=15974"}],"curies":[{"name":"wp","href":"https:\/\/api.w.org\/{rel}","templated":true}]}}